{"id":3158,"date":"2026-04-28T14:32:39","date_gmt":"2026-04-28T12:32:39","guid":{"rendered":"https:\/\/www.casagourmet.es\/blog\/?p=3158"},"modified":"2026-04-28T14:33:55","modified_gmt":"2026-04-28T12:33:55","slug":"pruno-2023-estrena-imagen","status":"publish","type":"post","link":"https:\/\/www.casagourmet.es\/blog\/pruno-2023-estrena-imagen\/","title":{"rendered":"Pruno 2023 estrena imagen: as\u00ed evoluciona uno de los vinos m\u00e1s reconocibles de Ribera del Duero"},"content":{"rendered":"<p>En plena <strong>Milla de Oro de Ribera del Duero<\/strong>, algo est\u00e1 cambiando en<a href=\"https:\/\/www.casagourmet.es\/blog\/dia-pruno-2026-ribera-del-duero-finca-villacreces-evento-vino\/\"><strong> Finca Villacreces<\/strong><\/a>. Tras presentar recientemente la nueva imagen corporativa de la bodega, comienzan a conocerse las primeras novedades que marcar\u00e1n esta nueva etapa. La m\u00e1s visible tiene nombre propio: <strong>Pruno 2023<\/strong>, uno de los vinos m\u00e1s reconocidos y vendidos de la denominaci\u00f3n, que estrena etiqueta con una<strong> imagen renovada<\/strong> y m\u00e1s alineada con la identidad actual de la casa.<!--more--><\/p>\n<p>La nueva presentaci\u00f3n mantiene algunos rasgos reconocibles de cosechas anteriores, pero apuesta por una est\u00e9tica m\u00e1s limpia, directa y vinculada al origen. El rojo, color emblem\u00e1tico de la marca, gana protagonismo como elemento distintivo de un vino que ya se comercializa en m\u00e1s de 60 pa\u00edses y que se ha consolidado como uno de los grandes fen\u00f3menos de <strong>Ribera del Duero<\/strong>.<\/p>\n<h2>Un vino que marc\u00f3 un antes y un despu\u00e9s<\/h2>\n<p>Pocas referencias pueden presumir de haber cambiado su historia comercial como lo hizo Pruno. En 2012 y 2015 fue reconocido por el cr\u00edtico <strong>Robert Parker<\/strong> como uno de los<strong> mejores vinos calidad-precio del mercado espa\u00f1ol<\/strong>, un reconocimiento que impuls\u00f3 su presencia internacional y consolid\u00f3 su posicionamiento dentro de la categor\u00eda premium accesible.<\/p>\n<p>Trece a\u00f1os despu\u00e9s de aquel hito, la bodega apuesta por actualizar la imagen sin perder la esencia que ha convertido a este vino en una referencia habitual tanto para aficionados como para consumidores especializados.<\/p>\n<p><img loading=\"lazy\" decoding=\"async\" class=\"alignnone size-full wp-image-3160\" src=\"http:\/\/www.casagourmet.es\/blog\/wp-content\/uploads\/2026\/04\/Foto_3_Pruno2023.jpg\" alt=\"\" width=\"1080\" height=\"720\" srcset=\"https:\/\/www.casagourmet.es\/blog\/wp-content\/uploads\/2026\/04\/Foto_3_Pruno2023.jpg 1080w, https:\/\/www.casagourmet.es\/blog\/wp-content\/uploads\/2026\/04\/Foto_3_Pruno2023-300x200.jpg 300w, https:\/\/www.casagourmet.es\/blog\/wp-content\/uploads\/2026\/04\/Foto_3_Pruno2023-1024x683.jpg 1024w, https:\/\/www.casagourmet.es\/blog\/wp-content\/uploads\/2026\/04\/Foto_3_Pruno2023-768x512.jpg 768w\" sizes=\"auto, (max-width: 1080px) 100vw, 1080px\" \/><\/p>\n<h2>Pruno 2023: origen ecol\u00f3gico y perfil frutal<\/h2>\n<p>La a\u00f1ada 2023 procede principalmente de Pinos Claros, una finca vecina a Villacreces cultivada bajo criterios ecol\u00f3gicos. Sus suelos de arcillas parduzcas aportan estructura, firmeza y una marcada expresi\u00f3n frutal, caracter\u00edsticas que siguen definiendo el estilo de este vino.<\/p>\n<p>La cosecha 2023 en Ribera del Duero estuvo condicionada por la necesidad de ajustar cuidadosamente los tiempos de vendimia. La gesti\u00f3n del equilibrio entre maduraci\u00f3n y acidez fue clave para obtener vinos con frescura, expresi\u00f3n arom\u00e1tica y buena capacidad de guarda.<\/p>\n<p>En el caso de Villacreces, la bodega destaca que esta a\u00f1ada presenta gran potencial arom\u00e1tico, estructura y complejidad, manteniendo la l\u00ednea de vinos precisos y equilibrados que caracteriza su producci\u00f3n.<\/p>\n<h2>Una bodega entre vi\u00f1edos, bosque y sostenibilidad<\/h2>\n<p>Finca Villacreces se encuentra junto al r\u00edo <strong>Duero<\/strong>, rodeada por un bosque de pinos centenarios y con 64 hect\u00e1reas de vi\u00f1edo propio. Su filosof\u00eda se apoya en el cultivo ecol\u00f3gico y en una visi\u00f3n de sostenibilidad certificada por el programa <strong>Wineries for Climate Protection<\/strong>.<\/p>\n<p>Adem\u00e1s de <strong>Pruno<\/strong>, la bodega elabora etiquetas como <strong>Finca Villacreces, Specimen y Nebro<\/strong>, y se ha consolidado tambi\u00e9n como uno de los proyectos enotur\u00edsticos m\u00e1s visitados de la denominaci\u00f3n.<\/p>\n<p><strong>Pruno 2023<\/strong> mantiene una de las f\u00f3rmulas que mejor ha funcionado en el mercado: ofrecer un vino reconocible, accesible y con personalidad propia, ahora acompa\u00f1ado por una imagen que mira claramente al futuro.<\/p>\n<p>Para quienes quieran descubrir Pruno, Casa Gourmet ofrece un estuche exclusivo que re\u00fane una botella de este vino con otra de Finca Villacreces, presentado en <a href=\"https:\/\/www.casagourmet.es\/product\/estuche-de-lujo-con-pruno-y-villacreces\/\"><strong>formato premium<\/strong><\/a>. Una propuesta pensada para conocer dos de las referencias m\u00e1s representativas de la bodega ribere\u00f1a y adentrarse en el universo de una de las fincas m\u00e1s emblem\u00e1ticas de la Ribera del Duero.<\/p>\n","protected":false},"excerpt":{"rendered":"<p>En plena Milla de Oro de Ribera del Duero, algo est\u00e1 cambiando en Finca Villacreces. Tras presentar recientemente la nueva imagen corporativa de la bodega, comienzan a conocerse las primeras novedades que marcar\u00e1n esta nueva etapa. La m\u00e1s visible tiene nombre propio: Pruno 2023, uno de los vinos m\u00e1s reconocidos y vendidos de la denominaci\u00f3n, que estrena etiqueta con una imagen renovada y m\u00e1s alineada con la identidad actual de la casa.<\/p>\n","protected":false},"author":3,"featured_media":3159,"comment_status":"open","ping_status":"open","sticky":false,"template":"","format":"standard","meta":{"footnotes":"","jetpack_publicize_message":"","jetpack_publicize_feature_enabled":true,"jetpack_social_post_already_shared":true,"jetpack_social_options":{"image_generator_settings":{"template":"highway","default_image_id":0,"font":"","enabled":false},"version":2}},"categories":[36,1333,63,533,21],"tags":[1701,6,1704,731,1706,1699,1703,1697,1698,221,1707,1702,1708,1705,1700],"class_list":["post-3158","post","type-post","status-publish","format-standard","has-post-thumbnail","hentry","category-actualidad","category-bebidas","category-bodegas","category-denominaciones-de-origen","category-vinos","tag-bodega-finca-villacreces","tag-casa-gourmet","tag-estuche-finca-villacreces","tag-finca-villacreces","tag-milla-de-oro-ribera-del-duero","tag-nueva-etiqueta-pruno","tag-pack-pruno-casa-gourmet","tag-pruno-2023","tag-pruno-ribera-del-duero","tag-ribera-del-duero","tag-vino-calidad-precio-ribera-del-duero","tag-vino-pruno-2023","tag-vinos-ecologicos-ribera-del-duero","tag-vinos-premium-ribera-del-duero","tag-vinos-ribera-del-duero"],"jetpack_publicize_connections":[],"_links":{"self":[{"href":"https:\/\/www.casagourmet.es\/blog\/wp-json\/wp\/v2\/posts\/3158","targetHints":{"allow":["GET"]}}],"collection":[{"href":"https:\/\/www.casagourmet.es\/blog\/wp-json\/wp\/v2\/posts"}],"about":[{"href":"https:\/\/www.casagourmet.es\/blog\/wp-json\/wp\/v2\/types\/post"}],"author":[{"embeddable":true,"href":"https:\/\/www.casagourmet.es\/blog\/wp-json\/wp\/v2\/users\/3"}],"replies":[{"embeddable":true,"href":"https:\/\/www.casagourmet.es\/blog\/wp-json\/wp\/v2\/comments?post=3158"}],"version-history":[{"count":1,"href":"https:\/\/www.casagourmet.es\/blog\/wp-json\/wp\/v2\/posts\/3158\/revisions"}],"predecessor-version":[{"id":3161,"href":"https:\/\/www.casagourmet.es\/blog\/wp-json\/wp\/v2\/posts\/3158\/revisions\/3161"}],"wp:featuredmedia":[{"embeddable":true,"href":"https:\/\/www.casagourmet.es\/blog\/wp-json\/wp\/v2\/media\/3159"}],"wp:attachment":[{"href":"https:\/\/www.casagourmet.es\/blog\/wp-json\/wp\/v2\/media?parent=3158"}],"wp:term":[{"taxonomy":"category","embeddable":true,"href":"https:\/\/www.casagourmet.es\/blog\/wp-json\/wp\/v2\/categories?post=3158"},{"taxonomy":"post_tag","embeddable":true,"href":"https:\/\/www.casagourmet.es\/blog\/wp-json\/wp\/v2\/tags?post=3158"}],"curies":[{"name":"wp","href":"https:\/\/api.w.org\/{rel}","templated":true}]}}