{"id":2598,"date":"2025-06-12T09:00:21","date_gmt":"2025-06-12T07:00:21","guid":{"rendered":"https:\/\/www.casagourmet.es\/blog\/?p=2598"},"modified":"2025-06-11T14:49:03","modified_gmt":"2025-06-11T12:49:03","slug":"seleccion-gourmet-casa-riera-ordeix-martin-codax-llopart","status":"publish","type":"post","link":"https:\/\/www.casagourmet.es\/blog\/seleccion-gourmet-casa-riera-ordeix-martin-codax-llopart\/","title":{"rendered":"Casa Riera Ordeix en exclusiva con Obando, Mart\u00edn C\u00f3dax y Llopart"},"content":{"rendered":"<p>En un mundo saturado de productos r\u00e1pidos, <a href=\"https:\/\/www.casagourmet.es\/product\/pack-casa-riera-ordeix-martin-codax-llopart\/?utm_source=news&amp;utm_medium=blog&amp;utm_campaign=CasaRieraOrdeix25\"><strong>Casa Riera Ordeix<\/strong><\/a> sigue curando el tiempo. En pleno centro hist\u00f3rico de Vic, entre soportales medievales y aromas de mercado, esta firma centenaria se mantiene fiel al m\u00e9todo tradicional: ventanas que se abren y se cierran para curar el salchich\u00f3n como se hac\u00eda en el siglo XIX. Hoy, esta joya se al\u00eda con tres gigantes de la gastronom\u00eda y viticultura nacional \u2014Obando, artesanos del pan en Andaluc\u00eda, y las bodegas Mart\u00edn C\u00f3dax y Llopart\u2014 para ofrecer una selecci\u00f3n gourmet tan singular como irrepetible.<!--more--><\/p>\n<p><img loading=\"lazy\" decoding=\"async\" class=\"alignnone size-large wp-image-2603\" src=\"http:\/\/www.casagourmet.es\/blog\/wp-content\/uploads\/2025\/06\/casa-riera-ordeix-21-1024x683.jpg\" alt=\"\" width=\"1024\" height=\"683\" srcset=\"https:\/\/www.casagourmet.es\/blog\/wp-content\/uploads\/2025\/06\/casa-riera-ordeix-21-1024x683.jpg 1024w, https:\/\/www.casagourmet.es\/blog\/wp-content\/uploads\/2025\/06\/casa-riera-ordeix-21-300x200.jpg 300w, https:\/\/www.casagourmet.es\/blog\/wp-content\/uploads\/2025\/06\/casa-riera-ordeix-21-768x512.jpg 768w, https:\/\/www.casagourmet.es\/blog\/wp-content\/uploads\/2025\/06\/casa-riera-ordeix-21.jpg 1500w\" sizes=\"auto, (max-width: 1024px) 100vw, 1024px\" \/><\/p>\n<h2>Tradici\u00f3n, car\u00e1cter y equilibrio<\/h2>\n<p>La selecci\u00f3n gourmet de<strong> Casa Riera Ordeix<\/strong> re\u00fane lo mejor de cada casa. Por un lado, el sabor profundo del <strong>salchich\u00f3n de Vic<\/strong> elaborado de forma artesanal por esta firma desde 1852. Por otro, la textura inconfundible del pan crujiente de <strong>Obando<\/strong>, que con sus rega\u00f1\u00e1s y picos gourmet aporta el maridaje perfecto. Y como colof\u00f3n, dos referencias imprescindibles: <strong>Mart\u00edn C\u00f3dax 2023<\/strong>, el albari\u00f1o gallego m\u00e1s reconocido del mundo, y el espumoso <strong>Leopardi Brut Nature de Llopart<\/strong>, Corpinnat de larga crianza con <strong>93 puntos Parker<\/strong>.<\/p>\n<p>Un pack que puede disfrutarse por solo 42 euros \u2014cuando su valor real supera los 80\u2014 y que est\u00e1 pensado para quienes buscan siempre la excelencia. Ideal para regalar, compartir o elevar cualquier momento de verano.<\/p>\n<h2>El secreto de Vic<\/h2>\n<p>El coraz\u00f3n de esta selecci\u00f3n late en Vic. <strong>Casa Riera Ordeix<\/strong> no solo elabora embutidos; custodia un legado. Su salchich\u00f3n se seca lentamente en secaderos de madera, sin prisas, sin conservantes, sin al\u00e9rgenos. En esta propuesta destacan dos referencias \u00fanicas: el <strong>Fuet Gran Luxe Trufado<\/strong> y el <strong>Fuet de Vic \u2018bastonet\u2019<\/strong>, ambos sin gluten ni lactosa. Adem\u00e1s, se incluyen dos sobres loncheados: uno con <strong>salchich\u00f3n trufado<\/strong> y otro con el ic\u00f3nico <strong>salchich\u00f3n de Vic<\/strong>, listo para servir.<\/p>\n<h2><img loading=\"lazy\" decoding=\"async\" class=\"alignnone size-large wp-image-2604\" src=\"http:\/\/www.casagourmet.es\/blog\/wp-content\/uploads\/2025\/06\/casa-riera-ordeix-22-1024x768.jpg\" alt=\"\" width=\"1024\" height=\"768\" srcset=\"https:\/\/www.casagourmet.es\/blog\/wp-content\/uploads\/2025\/06\/casa-riera-ordeix-22-1024x768.jpg 1024w, https:\/\/www.casagourmet.es\/blog\/wp-content\/uploads\/2025\/06\/casa-riera-ordeix-22-300x225.jpg 300w, https:\/\/www.casagourmet.es\/blog\/wp-content\/uploads\/2025\/06\/casa-riera-ordeix-22-768x576.jpg 768w, https:\/\/www.casagourmet.es\/blog\/wp-content\/uploads\/2025\/06\/casa-riera-ordeix-22-120x90.jpg 120w, https:\/\/www.casagourmet.es\/blog\/wp-content\/uploads\/2025\/06\/casa-riera-ordeix-22.jpg 1333w\" sizes=\"auto, (max-width: 1024px) 100vw, 1024px\" \/><\/h2>\n<h2>El crujido perfecto<\/h2>\n<p>La propuesta se redondea con dos productos que, por s\u00ed solos, tambi\u00e9n merecen reconocimiento: las <strong>rega\u00f1\u00e1s gourmet<\/strong> y los <strong>picos r\u00fasticos<\/strong> de <strong>Obando<\/strong>. Hechos con el saber de generaciones panaderas en \u00c9cija, estos bocados aportan contraste, textura y versatilidad. Su combinaci\u00f3n con embutidos, quesos, guacamoles o simplemente con un buen aceite de oliva convierte cualquier propuesta en alta cocina.<\/p>\n<p><img loading=\"lazy\" decoding=\"async\" class=\"alignnone size-large wp-image-2609\" src=\"http:\/\/www.casagourmet.es\/blog\/wp-content\/uploads\/2025\/06\/picos-rusticos-gourmet-obando-1024x683.jpg\" alt=\"\" width=\"1024\" height=\"683\" srcset=\"https:\/\/www.casagourmet.es\/blog\/wp-content\/uploads\/2025\/06\/picos-rusticos-gourmet-obando-1024x683.jpg 1024w, https:\/\/www.casagourmet.es\/blog\/wp-content\/uploads\/2025\/06\/picos-rusticos-gourmet-obando-300x200.jpg 300w, https:\/\/www.casagourmet.es\/blog\/wp-content\/uploads\/2025\/06\/picos-rusticos-gourmet-obando-768x512.jpg 768w, https:\/\/www.casagourmet.es\/blog\/wp-content\/uploads\/2025\/06\/picos-rusticos-gourmet-obando-1536x1024.jpg 1536w, https:\/\/www.casagourmet.es\/blog\/wp-content\/uploads\/2025\/06\/picos-rusticos-gourmet-obando.jpg 1620w\" sizes=\"auto, (max-width: 1024px) 100vw, 1024px\" \/><\/p>\n<h2>Dos vinos, dos formas de entender el terru\u00f1o<\/h2>\n<p>A esta experiencia se suman dos vinos que representan lo mejor de sus respectivas tierras. Desde Galicia, <strong>Mart\u00edn C\u00f3dax 2023<\/strong>, un albari\u00f1o limpio, c\u00edtrico, fresco y envolvente, que ha conquistado los paladares de medio mundo. Y desde el Alt Pened\u00e8s, el ic\u00f3nico <strong>Llopart Leopardi Brut Nature<\/strong>, un espumoso Corpinnat de larga crianza, elaborado con xarel\u00b7lo, macabeo y parellada, y premiado con 93 puntos Parker. Un tributo al legado vitivin\u00edcola de la familia Llopart, cuyos or\u00edgenes se remontan a 1385.<\/p>\n<p><img loading=\"lazy\" decoding=\"async\" class=\"alignnone size-large wp-image-2612\" src=\"http:\/\/www.casagourmet.es\/blog\/wp-content\/uploads\/2025\/06\/martin-codax-albarino-2-1024x683.jpg\" alt=\"\" width=\"1024\" height=\"683\" srcset=\"https:\/\/www.casagourmet.es\/blog\/wp-content\/uploads\/2025\/06\/martin-codax-albarino-2-1024x683.jpg 1024w, https:\/\/www.casagourmet.es\/blog\/wp-content\/uploads\/2025\/06\/martin-codax-albarino-2-300x200.jpg 300w, https:\/\/www.casagourmet.es\/blog\/wp-content\/uploads\/2025\/06\/martin-codax-albarino-2-768x512.jpg 768w, https:\/\/www.casagourmet.es\/blog\/wp-content\/uploads\/2025\/06\/martin-codax-albarino-2.jpg 1200w\" sizes=\"auto, (max-width: 1024px) 100vw, 1024px\" \/><\/p>\n<p><img loading=\"lazy\" decoding=\"async\" class=\"alignnone size-large wp-image-2605\" src=\"http:\/\/www.casagourmet.es\/blog\/wp-content\/uploads\/2025\/06\/llopart-leopardi-brut-nature-1024x683.jpg\" alt=\"\" width=\"1024\" height=\"683\" srcset=\"https:\/\/www.casagourmet.es\/blog\/wp-content\/uploads\/2025\/06\/llopart-leopardi-brut-nature-1024x683.jpg 1024w, https:\/\/www.casagourmet.es\/blog\/wp-content\/uploads\/2025\/06\/llopart-leopardi-brut-nature-300x200.jpg 300w, https:\/\/www.casagourmet.es\/blog\/wp-content\/uploads\/2025\/06\/llopart-leopardi-brut-nature-768x512.jpg 768w, https:\/\/www.casagourmet.es\/blog\/wp-content\/uploads\/2025\/06\/llopart-leopardi-brut-nature.jpg 1200w\" sizes=\"auto, (max-width: 1024px) 100vw, 1024px\" \/><\/p>\n<h2>Una edici\u00f3n limitada para los que saben elegir<\/h2>\n<p>Este pack no es solo un regalo. Es una declaraci\u00f3n de principios. Una forma de celebrar la gastronom\u00eda que respeta los tiempos, los oficios y los sabores. Una edici\u00f3n limitada pensada para quienes saben reconocer la excelencia cuando la tienen delante.<\/p>\n<p><a href=\"https:\/\/www.casagourmet.es\/product\/pack-casa-riera-ordeix-martin-codax-llopart\/?utm_source=news&amp;utm_medium=blog&amp;utm_campaign=CasaRieraOrdeix25\"><strong>Disponible exclusivamente en Casa Gourmet<\/strong><\/a>, esta propuesta re\u00fane artesan\u00eda, historia y placer en estado puro. Porque hay productos que no necesitan m\u00e1s que abrirse para entenderse. Y este es uno de ellos.<br \/>\n<a href=\"https:\/\/www.casagourmet.es\/product\/pack-casa-riera-ordeix-martin-codax-llopart\/?utm_source=news&amp;utm_medium=blog&amp;utm_campaign=CasaRieraOrdeix25\"><img loading=\"lazy\" decoding=\"async\" class=\"alignnone wp-image-2601 size-large\" src=\"http:\/\/www.casagourmet.es\/blog\/wp-content\/uploads\/2025\/06\/pack-casa-riera-ordeix-martin-codax-llopart-e1749645746360-1024x656.jpg\" alt=\"\" width=\"1024\" height=\"656\" srcset=\"https:\/\/www.casagourmet.es\/blog\/wp-content\/uploads\/2025\/06\/pack-casa-riera-ordeix-martin-codax-llopart-e1749645746360-1024x656.jpg 1024w, https:\/\/www.casagourmet.es\/blog\/wp-content\/uploads\/2025\/06\/pack-casa-riera-ordeix-martin-codax-llopart-e1749645746360-300x192.jpg 300w, https:\/\/www.casagourmet.es\/blog\/wp-content\/uploads\/2025\/06\/pack-casa-riera-ordeix-martin-codax-llopart-e1749645746360-768x492.jpg 768w, https:\/\/www.casagourmet.es\/blog\/wp-content\/uploads\/2025\/06\/pack-casa-riera-ordeix-martin-codax-llopart-e1749645746360.jpg 1262w\" sizes=\"auto, (max-width: 1024px) 100vw, 1024px\" \/><\/a><\/p>\n","protected":false},"excerpt":{"rendered":"<p>En un mundo saturado de productos r\u00e1pidos, Casa Riera Ordeix sigue curando el tiempo. En pleno centro hist\u00f3rico de Vic, entre soportales medievales y aromas de mercado, esta firma centenaria se mantiene fiel al m\u00e9todo tradicional: ventanas que se abren y se cierran para curar el salchich\u00f3n como se hac\u00eda en el siglo XIX. Hoy, esta joya se al\u00eda con tres gigantes de la gastronom\u00eda y viticultura nacional \u2014Obando, artesanos del pan en Andaluc\u00eda, y las bodegas Mart\u00edn C\u00f3dax y Llopart\u2014 para ofrecer una selecci\u00f3n gourmet tan singular como irrepetible.<\/p>\n","protected":false},"author":3,"featured_media":2607,"comment_status":"open","ping_status":"open","sticky":false,"template":"","format":"standard","meta":{"footnotes":"","jetpack_publicize_message":"","jetpack_publicize_feature_enabled":true,"jetpack_social_post_already_shared":true,"jetpack_social_options":{"image_generator_settings":{"template":"highway","default_image_id":0,"font":"","enabled":false},"version":2}},"categories":[36,80,128,368],"tags":[6,625,1183,1191,1190,1186,1185,78,1188,138,1189,1187,627,1184,118],"class_list":["post-2598","post","type-post","status-publish","format-standard","has-post-thumbnail","hentry","category-actualidad","category-casa-gourmet","category-productos-gourmet","category-seleccion-gourmet","tag-casa-gourmet","tag-casa-riera-ordeix","tag-embutidos-gourmet","tag-experiencia-sensorial","tag-gastronomia-artesanal","tag-llopart-leopardi","tag-martin-codax-albarino","tag-pack-gourmet","tag-picos-gourmet","tag-productos-gourmet","tag-regalo-gourmet","tag-reganas-obando","tag-salchichon-de-vic","tag-seleccion-gourmet-verano","tag-vinos-gourmet"],"jetpack_publicize_connections":[],"_links":{"self":[{"href":"https:\/\/www.casagourmet.es\/blog\/wp-json\/wp\/v2\/posts\/2598","targetHints":{"allow":["GET"]}}],"collection":[{"href":"https:\/\/www.casagourmet.es\/blog\/wp-json\/wp\/v2\/posts"}],"about":[{"href":"https:\/\/www.casagourmet.es\/blog\/wp-json\/wp\/v2\/types\/post"}],"author":[{"embeddable":true,"href":"https:\/\/www.casagourmet.es\/blog\/wp-json\/wp\/v2\/users\/3"}],"replies":[{"embeddable":true,"href":"https:\/\/www.casagourmet.es\/blog\/wp-json\/wp\/v2\/comments?post=2598"}],"version-history":[{"count":8,"href":"https:\/\/www.casagourmet.es\/blog\/wp-json\/wp\/v2\/posts\/2598\/revisions"}],"predecessor-version":[{"id":2615,"href":"https:\/\/www.casagourmet.es\/blog\/wp-json\/wp\/v2\/posts\/2598\/revisions\/2615"}],"wp:featuredmedia":[{"embeddable":true,"href":"https:\/\/www.casagourmet.es\/blog\/wp-json\/wp\/v2\/media\/2607"}],"wp:attachment":[{"href":"https:\/\/www.casagourmet.es\/blog\/wp-json\/wp\/v2\/media?parent=2598"}],"wp:term":[{"taxonomy":"category","embeddable":true,"href":"https:\/\/www.casagourmet.es\/blog\/wp-json\/wp\/v2\/categories?post=2598"},{"taxonomy":"post_tag","embeddable":true,"href":"https:\/\/www.casagourmet.es\/blog\/wp-json\/wp\/v2\/tags?post=2598"}],"curies":[{"name":"wp","href":"https:\/\/api.w.org\/{rel}","templated":true}]}}