{"id":2563,"date":"2025-05-27T12:32:22","date_gmt":"2025-05-27T10:32:22","guid":{"rendered":"https:\/\/www.casagourmet.es\/blog\/?p=2563"},"modified":"2025-05-28T11:27:18","modified_gmt":"2025-05-28T09:27:18","slug":"25-aniversario-huerta-de-albala-vinos-cadiz","status":"publish","type":"post","link":"https:\/\/www.casagourmet.es\/blog\/25-aniversario-huerta-de-albala-vinos-cadiz\/","title":{"rendered":"Huerta de Albal\u00e1 celebra 25 a\u00f1os de historia vitivin\u00edcola en la Sierra de C\u00e1diz"},"content":{"rendered":"<p>La Sierra de C\u00e1diz fue ayer el escenario de una celebraci\u00f3n cargada de emoci\u00f3n y memoria. <strong>Huerta de Albal\u00e1<\/strong>, una de las bodegas m\u00e1s representativas del sur peninsular, cumpli\u00f3 <strong>25 a\u00f1os<\/strong> de trayectoria y lo celebr\u00f3 con un acto institucional en su finca de Arcos de la Frontera, rodeada de vi\u00f1edos y colinas que definen el paisaje vitivin\u00edcola de la zona. La bodega conmemor\u00f3 su aniversario con una <strong>cata vertical<\/strong> de sus vinos m\u00e1s emblem\u00e1ticos.<!--more--><\/p>\n<p><img loading=\"lazy\" decoding=\"async\" class=\"alignnone size-full wp-image-2568\" src=\"http:\/\/www.casagourmet.es\/blog\/wp-content\/uploads\/2025\/05\/25-aniversario-huerta-de-albala-vinos-cadiz-3.jpg\" alt=\"\" width=\"1024\" height=\"715\" srcset=\"https:\/\/www.casagourmet.es\/blog\/wp-content\/uploads\/2025\/05\/25-aniversario-huerta-de-albala-vinos-cadiz-3.jpg 1024w, https:\/\/www.casagourmet.es\/blog\/wp-content\/uploads\/2025\/05\/25-aniversario-huerta-de-albala-vinos-cadiz-3-300x209.jpg 300w, https:\/\/www.casagourmet.es\/blog\/wp-content\/uploads\/2025\/05\/25-aniversario-huerta-de-albala-vinos-cadiz-3-768x536.jpg 768w\" sizes=\"auto, (max-width: 1024px) 100vw, 1024px\" \/><\/p>\n<p>El evento congreg\u00f3 a profesionales del sector, medios de comunicaci\u00f3n y autoridades locales en una jornada que quiso rendir homenaje al v\u00ednculo entre el vino, el territorio y la pasi\u00f3n de quienes lo elaboran. <strong>Rhea Taberner<\/strong>, propietaria de la bodega, ejerci\u00f3 de anfitriona y acompa\u00f1\u00f3 personalmente a los invitados, en un gesto que refuerza el car\u00e1cter familiar y cercano de la casa.<\/p>\n<h2>Cata vertical de a\u00f1adas hist\u00f3ricas<\/h2>\n<p>La cita incluy\u00f3 una cata vertical de a\u00f1adas hist\u00f3ricas de Taberner y Taberner N\u00ba1, los vinos insignia de la bodega, que sirvi\u00f3 para repasar en clave sensorial la evoluci\u00f3n de Huerta de Albal\u00e1 durante este cuarto de siglo. El acto culmin\u00f3 con un c\u00f3ctel de bienvenida en los jardines de la propiedad, donde no faltaron los brindis por el presente y el futuro de un proyecto que ha sabido unir tradici\u00f3n e innovaci\u00f3n con identidad propia.<\/p>\n<div id=\"attachment_2569\" style=\"width: 1034px\" class=\"wp-caption alignnone\"><img loading=\"lazy\" decoding=\"async\" aria-describedby=\"caption-attachment-2569\" class=\"wp-image-2569 size-full\" src=\"http:\/\/www.casagourmet.es\/blog\/wp-content\/uploads\/2025\/05\/25-aniversario-huerta-de-albala-vinos-cadiz-4.jpg\" alt=\"\" width=\"1024\" height=\"769\" srcset=\"https:\/\/www.casagourmet.es\/blog\/wp-content\/uploads\/2025\/05\/25-aniversario-huerta-de-albala-vinos-cadiz-4.jpg 1024w, https:\/\/www.casagourmet.es\/blog\/wp-content\/uploads\/2025\/05\/25-aniversario-huerta-de-albala-vinos-cadiz-4-300x225.jpg 300w, https:\/\/www.casagourmet.es\/blog\/wp-content\/uploads\/2025\/05\/25-aniversario-huerta-de-albala-vinos-cadiz-4-768x577.jpg 768w, https:\/\/www.casagourmet.es\/blog\/wp-content\/uploads\/2025\/05\/25-aniversario-huerta-de-albala-vinos-cadiz-4-120x90.jpg 120w\" sizes=\"auto, (max-width: 1024px) 100vw, 1024px\" \/><p id=\"caption-attachment-2569\" class=\"wp-caption-text\">Rhea Taberner, due\u00f1a actual de Huerta de Albal\u00e1, y Pepa Luna de la Torre, directora de Finanzas y Administraci\u00f3n<\/p><\/div>\n<p>Desde sus inicios en 1999, Huerta de Albal\u00e1 se ha consolidado como un referente de calidad en la viticultura andaluza. Sus vinos, elaborados en plena Sierra de C\u00e1diz, han traspasado fronteras llevando consigo el car\u00e1cter del terru\u00f1o y una filosof\u00eda basada en el respeto por la tierra.<\/p>\n<p>Con este aniversario, la bodega refuerza su compromiso con la excelencia y se proyecta hacia nuevos desaf\u00edos, sin perder de vista sus ra\u00edces.<\/p>\n<p><img loading=\"lazy\" decoding=\"async\" class=\"alignnone size-full wp-image-2571\" src=\"http:\/\/www.casagourmet.es\/blog\/wp-content\/uploads\/2025\/05\/25-aniversario-huerta-de-albala-vinos-cadiz-7.jpg\" alt=\"\" width=\"1024\" height=\"797\" srcset=\"https:\/\/www.casagourmet.es\/blog\/wp-content\/uploads\/2025\/05\/25-aniversario-huerta-de-albala-vinos-cadiz-7.jpg 1024w, https:\/\/www.casagourmet.es\/blog\/wp-content\/uploads\/2025\/05\/25-aniversario-huerta-de-albala-vinos-cadiz-7-300x233.jpg 300w, https:\/\/www.casagourmet.es\/blog\/wp-content\/uploads\/2025\/05\/25-aniversario-huerta-de-albala-vinos-cadiz-7-768x598.jpg 768w\" sizes=\"auto, (max-width: 1024px) 100vw, 1024px\" \/><\/p>\n<p>Y para quienes deseen descubrir parte de ese car\u00e1cter en la copa, en Casa Gourmet hemos incluido Barbazul 2022 \u2014uno de los vinos m\u00e1s accesibles y expresivos de la bodega\u2014 en nuestra selecci\u00f3n especial dedicada a <a href=\"https:\/\/www.casagourmet.es\/product\/variedades-singulares-pinot-noir-y-tintilla-de-rota\/\"><strong>variedades singulares<\/strong><\/a> como la tintilla de Rota.<\/p>\n<div id=\"attachment_2570\" style=\"width: 1034px\" class=\"wp-caption alignnone\"><img loading=\"lazy\" decoding=\"async\" aria-describedby=\"caption-attachment-2570\" class=\"wp-image-2570 size-full\" src=\"http:\/\/www.casagourmet.es\/blog\/wp-content\/uploads\/2025\/05\/25-aniversario-huerta-de-albala-vinos-cadiz-5.jpg\" alt=\"\" width=\"1024\" height=\"765\" srcset=\"https:\/\/www.casagourmet.es\/blog\/wp-content\/uploads\/2025\/05\/25-aniversario-huerta-de-albala-vinos-cadiz-5.jpg 1024w, https:\/\/www.casagourmet.es\/blog\/wp-content\/uploads\/2025\/05\/25-aniversario-huerta-de-albala-vinos-cadiz-5-300x224.jpg 300w, https:\/\/www.casagourmet.es\/blog\/wp-content\/uploads\/2025\/05\/25-aniversario-huerta-de-albala-vinos-cadiz-5-768x574.jpg 768w, https:\/\/www.casagourmet.es\/blog\/wp-content\/uploads\/2025\/05\/25-aniversario-huerta-de-albala-vinos-cadiz-5-120x90.jpg 120w\" sizes=\"auto, (max-width: 1024px) 100vw, 1024px\" \/><p id=\"caption-attachment-2570\" class=\"wp-caption-text\">De izquierda a derecha: Marta Seoane Pernas, directora Comercial, Sergi Cuesta, director de Casa Gourmet, y Pepa Luna de la Torre, directora de Finanzas y Administraci\u00f3n<\/p><\/div>\n","protected":false},"excerpt":{"rendered":"<p>La Sierra de C\u00e1diz fue ayer el escenario de una celebraci\u00f3n cargada de emoci\u00f3n y memoria. Huerta de Albal\u00e1, una de las bodegas m\u00e1s representativas del sur peninsular, cumpli\u00f3 25 a\u00f1os de trayectoria y lo celebr\u00f3 con un acto institucional en su finca de Arcos de la Frontera, rodeada de vi\u00f1edos y colinas que definen el paisaje vitivin\u00edcola de la zona. La bodega conmemor\u00f3 su aniversario con una cata vertical de sus vinos m\u00e1s emblem\u00e1ticos.<\/p>\n","protected":false},"author":3,"featured_media":2566,"comment_status":"open","ping_status":"open","sticky":false,"template":"","format":"standard","meta":{"footnotes":"","jetpack_publicize_message":"","jetpack_publicize_feature_enabled":true,"jetpack_social_post_already_shared":true,"jetpack_social_options":{"image_generator_settings":{"template":"highway","default_image_id":0,"font":"","enabled":false},"version":2}},"categories":[36,63,80,998],"tags":[1150,1155,1153,6,1149,1154,884,1152,1151,1042],"class_list":["post-2563","post","type-post","status-publish","format-standard","has-post-thumbnail","hentry","category-actualidad","category-bodegas","category-casa-gourmet","category-eventos","tag-25-aniversario-huerta-de-albala","tag-barbazul-2022","tag-bodega-huerta-de-albala","tag-casa-gourmet","tag-huerta-de-albala","tag-sierra-de-cadiz","tag-tintilla-de-rota","tag-vino-andaluz","tag-vinos-de-cadiz","tag-vinos-singulares"],"jetpack_publicize_connections":[],"_links":{"self":[{"href":"https:\/\/www.casagourmet.es\/blog\/wp-json\/wp\/v2\/posts\/2563","targetHints":{"allow":["GET"]}}],"collection":[{"href":"https:\/\/www.casagourmet.es\/blog\/wp-json\/wp\/v2\/posts"}],"about":[{"href":"https:\/\/www.casagourmet.es\/blog\/wp-json\/wp\/v2\/types\/post"}],"author":[{"embeddable":true,"href":"https:\/\/www.casagourmet.es\/blog\/wp-json\/wp\/v2\/users\/3"}],"replies":[{"embeddable":true,"href":"https:\/\/www.casagourmet.es\/blog\/wp-json\/wp\/v2\/comments?post=2563"}],"version-history":[{"count":5,"href":"https:\/\/www.casagourmet.es\/blog\/wp-json\/wp\/v2\/posts\/2563\/revisions"}],"predecessor-version":[{"id":2586,"href":"https:\/\/www.casagourmet.es\/blog\/wp-json\/wp\/v2\/posts\/2563\/revisions\/2586"}],"wp:featuredmedia":[{"embeddable":true,"href":"https:\/\/www.casagourmet.es\/blog\/wp-json\/wp\/v2\/media\/2566"}],"wp:attachment":[{"href":"https:\/\/www.casagourmet.es\/blog\/wp-json\/wp\/v2\/media?parent=2563"}],"wp:term":[{"taxonomy":"category","embeddable":true,"href":"https:\/\/www.casagourmet.es\/blog\/wp-json\/wp\/v2\/categories?post=2563"},{"taxonomy":"post_tag","embeddable":true,"href":"https:\/\/www.casagourmet.es\/blog\/wp-json\/wp\/v2\/tags?post=2563"}],"curies":[{"name":"wp","href":"https:\/\/api.w.org\/{rel}","templated":true}]}}