{"id":2480,"date":"2025-04-08T09:00:24","date_gmt":"2025-04-08T07:00:24","guid":{"rendered":"https:\/\/www.casagourmet.es\/blog\/?p=2480"},"modified":"2025-04-04T13:56:43","modified_gmt":"2025-04-04T11:56:43","slug":"finca-la-barca-novedades-salon-gourmets-2025","status":"publish","type":"post","link":"https:\/\/www.casagourmet.es\/blog\/finca-la-barca-novedades-salon-gourmets-2025\/","title":{"rendered":"Finca La Barca presenta sus novedades m\u00e1s sabrosas en el Sal\u00f3n Gourmets 2025"},"content":{"rendered":"<p>La marca extreme\u00f1a <strong data-start=\"168\" data-end=\"205\">Finca La Barca<\/strong>, disponible en <a href=\"https:\/\/www.casagourmet.es\/collection\/finca-la-barca\/\"><strong>Casa Gourmet<\/strong><\/a>, conocida por su apuesta por los sabores aut\u00e9nticos y su ic\u00f3nico aceite ahumado, presenta en esta edici\u00f3n del <strong data-start=\"346\" data-end=\"364\">Sal\u00f3n Gourmets<\/strong> una bater\u00eda de novedades que consolidan su presencia como una de las firmas m\u00e1s din\u00e1micas del panorama gourmet nacional. Desde <strong>Casa Gourmet<\/strong>, seguimos de cerca todas las presentaciones del sal\u00f3n esta semana buscando lo m\u00e1s aut\u00e9ntico para compartirlo contigo.<!--more--><\/p>\n<p>Desde hoy y durante los d\u00edas del sal\u00f3n, el equipo de <a href=\"https:\/\/www.casagourmet.es\/blog\/finca-la-barca-maestros-en-el-ahumado-de-la-vera\/\"><strong>Finca La Barca<\/strong> <\/a>mostrar\u00e1 en Ifema una cuidada selecci\u00f3n de productos que conectan territorio, innovaci\u00f3n y excelencia gastron\u00f3mica. Te los contamos, uno a uno:<\/p>\n<p><img loading=\"lazy\" decoding=\"async\" class=\"alignnone wp-image-2490 size-full\" src=\"http:\/\/www.casagourmet.es\/blog\/wp-content\/uploads\/2025\/04\/finca-la-barca-novedades-salon-gourmets-2025-5-e1743767711549.jpg\" alt=\"\" width=\"1024\" height=\"552\" srcset=\"https:\/\/www.casagourmet.es\/blog\/wp-content\/uploads\/2025\/04\/finca-la-barca-novedades-salon-gourmets-2025-5-e1743767711549.jpg 1024w, https:\/\/www.casagourmet.es\/blog\/wp-content\/uploads\/2025\/04\/finca-la-barca-novedades-salon-gourmets-2025-5-e1743767711549-300x162.jpg 300w, https:\/\/www.casagourmet.es\/blog\/wp-content\/uploads\/2025\/04\/finca-la-barca-novedades-salon-gourmets-2025-5-e1743767711549-768x414.jpg 768w\" sizes=\"auto, (max-width: 1024px) 100vw, 1024px\" \/><\/p>\n<h2>Boletus edulis en AOVE extreme\u00f1o: sabor y textura de bosque<\/h2>\n<p>Una de las grandes primicias es el lanzamiento de los <strong>Boletus Edulis en Aceite de Oliva Virgen Extra<\/strong>. Presentados en tarro de cristal, estos hongos seleccionados se conservan en un aceite coupage de aceitunas extreme\u00f1as, que aporta equilibrio y profundidad al conjunto. La textura carnosa del boletus se realza con la delicadeza del AOVE, creando un producto listo para servir como entrante, guarnici\u00f3n o base de platos m\u00e1s elaborados.<\/p>\n<h2>Mermelada de cereza picota del Jerte: dulzura con identidad<\/h2>\n<p>Otro estreno que llega directo desde el coraz\u00f3n del <strong>Valle del Jerte<\/strong> es la <strong>Mermelada de Cereza Picota<\/strong>, elaborada exclusivamente con esta variedad aut\u00f3ctona reconocida por su dulzura intensa y piel firme. Una propuesta vers\u00e1til para maridar quesos, foie o incluso carnes, y que mantiene todo el car\u00e1cter natural de la cereza m\u00e1s famosa de Extremadura.<\/p>\n<h2>Tomates secos en aceite ahumado: la fusi\u00f3n perfecta<\/h2>\n<p>Los <strong>Tomates Secos en Aceite de Oliva Ahumado<\/strong> suponen una de las apuestas m\u00e1s originales del cat\u00e1logo<strong>. Finca La Barca<\/strong> reinterpreta este producto tan demandado en los mercados internacionales, a\u00f1adiendo su toque diferencial: el caracter\u00edstico aceite ahumado, que convierte cada bocado en una experiencia gourmet con acento propio. Ideal para pastas, ensaladas o aperitivos con personalidad.<\/p>\n<h2>AOVE Arbequina en garrafa: formato pr\u00e1ctico, misma calidad<\/h2>\n<p>En respuesta a la demanda de sus clientes, la firma lanza por primera vez su Aceite de Oliva Virgen Extra de Arbequina en garrafa de 2 litros. Un formato pensado para quienes valoran la calidad en el uso cotidiano, sin renunciar a las caracter\u00edsticas sensoriales de esta variedad: suavidad, notas de fruta fresca y una elegancia natural que conquista.<\/p>\n<p><img loading=\"lazy\" decoding=\"async\" class=\"alignnone wp-image-2492 size-full\" src=\"http:\/\/www.casagourmet.es\/blog\/wp-content\/uploads\/2025\/04\/finca-la-barca-novedades-salon-gourmets-2025-7-e1743767690923.jpg\" alt=\"\" width=\"1000\" height=\"866\" srcset=\"https:\/\/www.casagourmet.es\/blog\/wp-content\/uploads\/2025\/04\/finca-la-barca-novedades-salon-gourmets-2025-7-e1743767690923.jpg 1000w, https:\/\/www.casagourmet.es\/blog\/wp-content\/uploads\/2025\/04\/finca-la-barca-novedades-salon-gourmets-2025-7-e1743767690923-300x260.jpg 300w, https:\/\/www.casagourmet.es\/blog\/wp-content\/uploads\/2025\/04\/finca-la-barca-novedades-salon-gourmets-2025-7-e1743767690923-768x665.jpg 768w\" sizes=\"auto, (max-width: 1000px) 100vw, 1000px\" \/><\/p>\n<h2>Monodosis de AOVE: funcionalidad para el canal horeca y retail<\/h2>\n<p>Otra novedad pr\u00e1ctica y bien pensada es la nueva caja expositora de monodosis de 25 ml de AOVE, dise\u00f1ada tanto para canal horeca como para tiendas gourmet. Adem\u00e1s, <strong>Finca La Barca<\/strong> anuncia que pr\u00f3ximamente lanzar\u00e1 un nuevo formato en tarrina de 10 ml, ideal para desayunos y tostadas. Una soluci\u00f3n funcional con el sello de calidad de la casa.<\/p>\n<p><img loading=\"lazy\" decoding=\"async\" class=\"alignnone wp-image-2488 size-full\" src=\"http:\/\/www.casagourmet.es\/blog\/wp-content\/uploads\/2025\/04\/finca-la-barca-novedades-salon-gourmets-2025-4-e1743767666829.jpg\" alt=\"\" width=\"1004\" height=\"868\" srcset=\"https:\/\/www.casagourmet.es\/blog\/wp-content\/uploads\/2025\/04\/finca-la-barca-novedades-salon-gourmets-2025-4-e1743767666829.jpg 1004w, https:\/\/www.casagourmet.es\/blog\/wp-content\/uploads\/2025\/04\/finca-la-barca-novedades-salon-gourmets-2025-4-e1743767666829-300x259.jpg 300w, https:\/\/www.casagourmet.es\/blog\/wp-content\/uploads\/2025\/04\/finca-la-barca-novedades-salon-gourmets-2025-4-e1743767666829-768x664.jpg 768w\" sizes=\"auto, (max-width: 1004px) 100vw, 1004px\" \/><\/p>\n<h2>Nueva imagen para cl\u00e1sicos: salsa picante y piment\u00f3n ahumado<\/h2>\n<p>Por \u00faltimo, <strong>Finca La Barca<\/strong> incorpora a su propio cat\u00e1logo productos que hasta ahora estaban bajo la marca La Chinata, como su reconocida <strong>Salsa Picante Ahumada<\/strong> y las <strong>bolsas de Piment\u00f3n de la Vera<\/strong> en formato de 150 g y 500 g. Con esta nueva presentaci\u00f3n, la marca unifica su identidad visual, manteniendo intacta la calidad de estos condimentos indispensables en cualquier cocina amante del sabor.<\/p>\n<p><img loading=\"lazy\" decoding=\"async\" class=\"alignnone wp-image-2486 size-full\" src=\"http:\/\/www.casagourmet.es\/blog\/wp-content\/uploads\/2025\/04\/finca-la-barca-novedades-salon-gourmets-2025-2-e1743767637198.jpg\" alt=\"\" width=\"1000\" height=\"766\" srcset=\"https:\/\/www.casagourmet.es\/blog\/wp-content\/uploads\/2025\/04\/finca-la-barca-novedades-salon-gourmets-2025-2-e1743767637198.jpg 1000w, https:\/\/www.casagourmet.es\/blog\/wp-content\/uploads\/2025\/04\/finca-la-barca-novedades-salon-gourmets-2025-2-e1743767637198-300x230.jpg 300w, https:\/\/www.casagourmet.es\/blog\/wp-content\/uploads\/2025\/04\/finca-la-barca-novedades-salon-gourmets-2025-2-e1743767637198-768x588.jpg 768w\" sizes=\"auto, (max-width: 1000px) 100vw, 1000px\" \/><\/p>\n<p>Con estas novedades, <strong>Finca La Barca<\/strong> reafirma su posici\u00f3n en el sector gourmet, combinando innovaci\u00f3n, respeto por el origen y una clara vocaci\u00f3n por emocionar a trav\u00e9s del sabor.<\/p>\n","protected":false},"excerpt":{"rendered":"<p>La marca extreme\u00f1a Finca La Barca, disponible en Casa Gourmet, conocida por su apuesta por los sabores aut\u00e9nticos y su ic\u00f3nico aceite ahumado, presenta en esta edici\u00f3n del Sal\u00f3n Gourmets una bater\u00eda de novedades que consolidan su presencia como una de las firmas m\u00e1s din\u00e1micas del panorama gourmet nacional. Desde Casa Gourmet, seguimos de cerca todas las presentaciones del sal\u00f3n esta semana buscando lo m\u00e1s aut\u00e9ntico para compartirlo contigo.<\/p>\n","protected":false},"author":3,"featured_media":2485,"comment_status":"open","ping_status":"open","sticky":false,"template":"","format":"standard","meta":{"footnotes":"","jetpack_publicize_message":"","jetpack_publicize_feature_enabled":true,"jetpack_social_post_already_shared":true,"jetpack_social_options":{"image_generator_settings":{"template":"highway","default_image_id":0,"font":"","enabled":false},"version":2}},"categories":[36,80,998,966,128],"tags":[1076,1078,6,904,1077,138,1068,1079],"class_list":["post-2480","post","type-post","status-publish","format-standard","has-post-thumbnail","hentry","category-actualidad","category-casa-gourmet","category-eventos","category-gourmet","category-productos-gourmet","tag-aceite-ahumado","tag-boletus-en-aove","tag-casa-gourmet","tag-finca-la-barca","tag-mermelada-cereza-picota","tag-productos-gourmet","tag-salon-gourmets-2025","tag-tomates-secos-en-aceite"],"jetpack_publicize_connections":[],"_links":{"self":[{"href":"https:\/\/www.casagourmet.es\/blog\/wp-json\/wp\/v2\/posts\/2480","targetHints":{"allow":["GET"]}}],"collection":[{"href":"https:\/\/www.casagourmet.es\/blog\/wp-json\/wp\/v2\/posts"}],"about":[{"href":"https:\/\/www.casagourmet.es\/blog\/wp-json\/wp\/v2\/types\/post"}],"author":[{"embeddable":true,"href":"https:\/\/www.casagourmet.es\/blog\/wp-json\/wp\/v2\/users\/3"}],"replies":[{"embeddable":true,"href":"https:\/\/www.casagourmet.es\/blog\/wp-json\/wp\/v2\/comments?post=2480"}],"version-history":[{"count":7,"href":"https:\/\/www.casagourmet.es\/blog\/wp-json\/wp\/v2\/posts\/2480\/revisions"}],"predecessor-version":[{"id":2494,"href":"https:\/\/www.casagourmet.es\/blog\/wp-json\/wp\/v2\/posts\/2480\/revisions\/2494"}],"wp:featuredmedia":[{"embeddable":true,"href":"https:\/\/www.casagourmet.es\/blog\/wp-json\/wp\/v2\/media\/2485"}],"wp:attachment":[{"href":"https:\/\/www.casagourmet.es\/blog\/wp-json\/wp\/v2\/media?parent=2480"}],"wp:term":[{"taxonomy":"category","embeddable":true,"href":"https:\/\/www.casagourmet.es\/blog\/wp-json\/wp\/v2\/categories?post=2480"},{"taxonomy":"post_tag","embeddable":true,"href":"https:\/\/www.casagourmet.es\/blog\/wp-json\/wp\/v2\/tags?post=2480"}],"curies":[{"name":"wp","href":"https:\/\/api.w.org\/{rel}","templated":true}]}}