{"id":2474,"date":"2025-04-07T09:00:02","date_gmt":"2025-04-07T07:00:02","guid":{"rendered":"https:\/\/www.casagourmet.es\/blog\/?p=2474"},"modified":"2025-04-04T13:31:16","modified_gmt":"2025-04-04T11:31:16","slug":"salon-gourmets-2025-casa-gourmet","status":"publish","type":"post","link":"https:\/\/www.casagourmet.es\/blog\/salon-gourmets-2025-casa-gourmet\/","title":{"rendered":"Arranca el Sal\u00f3n Gourmets, la gran cita del sabor en Madrid"},"content":{"rendered":"<p>Este lunes 7 de abril arranca en Ifema Madrid la <strong>38\u00aa edici\u00f3n del Sal\u00f3n Gourmets,<\/strong> la feria de alimentaci\u00f3n y bebidas de calidad m\u00e1s importante de Europa. Hasta el jueves 10 de abril, el evento reunir\u00e1 a m\u00e1s de 2.100 expositores nacionales e internacionales que presentar\u00e1n m\u00e1s de 55.000 productos seleccionados con m\u00e1ximo rigor en una superficie de exposici\u00f3n de 72.000 m\u00b2 repartida en seis pabellones. <strong>Casa Gourmet<\/strong> estar\u00e1 presente en los cuatro d\u00edas del sal\u00f3n descubriendo los productos que marcan la diferencia.<!--more--><\/p>\n<p>Con m\u00e1s de 110.000 compradores profesionales previstos y un millar de actividades programadas \u2014entre catas, concursos, show cookings y exhibiciones\u2014, el Sal\u00f3n Gourmets consolida su papel como plataforma de negocio imprescindible para el sector vinogastron\u00f3mico, y como epicentro de las tendencias m\u00e1s innovadoras del momento.<\/p>\n<p><H2>Casa Gourmet, en busca de lo m\u00e1s aut\u00e9ntico<\/H2><br \/>\nDurante los cuatro d\u00edas de feria, el equipo de <strong>Casa Gourmet<\/strong> estar\u00e1 presente en el sal\u00f3n explorando, catando y descubriendo aquellos productos que realmente marcan la diferencia. Como <strong>winehunters<\/strong> y <strong>gourmethunters<\/strong>, nuestro objetivo es seleccionar con rigor lo m\u00e1s aut\u00e9ntico, innovador y emocionante del <strong>panorama vinogastron\u00f3mico<\/strong> actual, y hacerlo accesible a trav\u00e9s de nuestra tienda on line y contenidos editoriales.<\/p>\n<p><img loading=\"lazy\" decoding=\"async\" class=\"alignnone size-full wp-image-2478\" src=\"http:\/\/www.casagourmet.es\/blog\/wp-content\/uploads\/2025\/04\/salon-gourmets-2025-casa-gourmet.jpg\" alt=\"\" width=\"1024\" height=\"683\" srcset=\"https:\/\/www.casagourmet.es\/blog\/wp-content\/uploads\/2025\/04\/salon-gourmets-2025-casa-gourmet.jpg 1024w, https:\/\/www.casagourmet.es\/blog\/wp-content\/uploads\/2025\/04\/salon-gourmets-2025-casa-gourmet-300x200.jpg 300w, https:\/\/www.casagourmet.es\/blog\/wp-content\/uploads\/2025\/04\/salon-gourmets-2025-casa-gourmet-768x512.jpg 768w\" sizes=\"auto, (max-width: 1024px) 100vw, 1024px\" \/><\/p>\n<p><H2>Un programa repleto de excelencia<\/H2><br \/>\nEntre los espacios tem\u00e1ticos m\u00e1s esperados se encuentran el 29\u00ba T\u00fanel del Vino\/MAPA, con 358 referencias monovarietales de 277 bodegas, y el 7\u00ba T\u00fanel del AOVE, dedicado a los aceites de oliva virgen extra m\u00e1s destacados del pa\u00eds. Tambi\u00e9n repite el T\u00fanel del Queso, donde se podr\u00e1n degustar los finalistas del Campeonato GourmetQuesos.<\/p>\n<p>La feria ser\u00e1 escenario de algunos de los concursos m\u00e1s emblem\u00e1ticos del sector, como el Concurso de Cortadores de Jam\u00f3n, el Campeonato de Espa\u00f1a de Sumilleres, el Campeonato de Abridores de Ostras, y el GourmetQuesos, entre otros. A estos se suman nuevas iniciativas como el Concurso Merluza do Pincho Challenge, el Certamen Cocina Atl\u00e1ntica, o el Campeonato de Gazpachuelos, que refuerzan la diversidad culinaria y la proyecci\u00f3n de los productos de origen.<\/p>\n<p><H2>Comunidad Valenciana e Italia, protagonistas de la edici\u00f3n<\/H2><br \/>\nLa Comunitat Valenciana es este a\u00f1o la comunidad aut\u00f3noma invitada y mostrar\u00e1 toda la riqueza de su producci\u00f3n agroalimentaria y vitivin\u00edcola. A nivel internacional, Italia se incorpora como Pa\u00eds de Honor, con un programa propio que reforzar\u00e1 la presencia internacional de esta cita imprescindible. Tambi\u00e9n participar\u00e1n regiones como Canarias, Galicia, Castilla y Le\u00f3n, Castilla-La Mancha, Catalu\u00f1a o Andaluc\u00eda, y pa\u00edses como Noruega y Ucrania, que repite participaci\u00f3n con espacio cedido por la organizaci\u00f3n.<\/p>\n","protected":false},"excerpt":{"rendered":"<p>Este lunes 7 de abril arranca en Ifema Madrid la 38\u00aa edici\u00f3n del Sal\u00f3n Gourmets, la feria de alimentaci\u00f3n y bebidas de calidad m\u00e1s importante de Europa. Hasta el jueves 10 de abril, el evento reunir\u00e1 a m\u00e1s de 2.100 expositores nacionales e internacionales que presentar\u00e1n m\u00e1s de 55.000 productos seleccionados con m\u00e1ximo rigor en una superficie de exposici\u00f3n de 72.000 m\u00b2 repartida en seis pabellones. Casa Gourmet estar\u00e1 presente en los cuatro d\u00edas del sal\u00f3n descubriendo los productos que marcan la diferencia.<\/p>\n","protected":false},"author":3,"featured_media":2476,"comment_status":"open","ping_status":"open","sticky":false,"template":"","format":"standard","meta":{"footnotes":"","jetpack_publicize_message":"","jetpack_publicize_feature_enabled":true,"jetpack_social_post_already_shared":true,"jetpack_social_options":{"image_generator_settings":{"template":"highway","default_image_id":0,"font":"","enabled":false},"version":2}},"categories":[36,80,998,128],"tags":[6,1073,1069,1071,138,1074,1068,1072,1075,1070],"class_list":["post-2474","post","type-post","status-publish","format-standard","has-post-thumbnail","hentry","category-actualidad","category-casa-gourmet","category-eventos","category-productos-gourmet","tag-casa-gourmet","tag-feria-alimentacion-y-bebidas","tag-feria-gastronomia-madrid","tag-gourmethunters","tag-productos-gourmet","tag-productos-gourmet-espana","tag-salon-gourmets-2025","tag-salon-gourmets-madrid","tag-tendencias-gastronomicas","tag-winehunters"],"jetpack_publicize_connections":[],"_links":{"self":[{"href":"https:\/\/www.casagourmet.es\/blog\/wp-json\/wp\/v2\/posts\/2474","targetHints":{"allow":["GET"]}}],"collection":[{"href":"https:\/\/www.casagourmet.es\/blog\/wp-json\/wp\/v2\/posts"}],"about":[{"href":"https:\/\/www.casagourmet.es\/blog\/wp-json\/wp\/v2\/types\/post"}],"author":[{"embeddable":true,"href":"https:\/\/www.casagourmet.es\/blog\/wp-json\/wp\/v2\/users\/3"}],"replies":[{"embeddable":true,"href":"https:\/\/www.casagourmet.es\/blog\/wp-json\/wp\/v2\/comments?post=2474"}],"version-history":[{"count":3,"href":"https:\/\/www.casagourmet.es\/blog\/wp-json\/wp\/v2\/posts\/2474\/revisions"}],"predecessor-version":[{"id":2479,"href":"https:\/\/www.casagourmet.es\/blog\/wp-json\/wp\/v2\/posts\/2474\/revisions\/2479"}],"wp:featuredmedia":[{"embeddable":true,"href":"https:\/\/www.casagourmet.es\/blog\/wp-json\/wp\/v2\/media\/2476"}],"wp:attachment":[{"href":"https:\/\/www.casagourmet.es\/blog\/wp-json\/wp\/v2\/media?parent=2474"}],"wp:term":[{"taxonomy":"category","embeddable":true,"href":"https:\/\/www.casagourmet.es\/blog\/wp-json\/wp\/v2\/categories?post=2474"},{"taxonomy":"post_tag","embeddable":true,"href":"https:\/\/www.casagourmet.es\/blog\/wp-json\/wp\/v2\/tags?post=2474"}],"curies":[{"name":"wp","href":"https:\/\/api.w.org\/{rel}","templated":true}]}}