{"id":2340,"date":"2025-02-07T12:50:48","date_gmt":"2025-02-07T11:50:48","guid":{"rendered":"https:\/\/www.casagourmet.es\/blog\/?p=2340"},"modified":"2025-02-07T12:54:08","modified_gmt":"2025-02-07T11:54:08","slug":"3-vinos-que-maridan-con-las-3-nominadas-a-mejor-pelicula-en-los-goya","status":"publish","type":"post","link":"https:\/\/www.casagourmet.es\/blog\/3-vinos-que-maridan-con-las-3-nominadas-a-mejor-pelicula-en-los-goya\/","title":{"rendered":"3 vinos que maridan con las 3 nominadas a mejor pel\u00edcula en los Goya"},"content":{"rendered":"<p>Este s\u00e1bado 8 de febrero tendr\u00e1 lugar en el Palacio de Congresos y Exposiciones de Granada, la <strong>39\u00aa ceremonia de los Premios Goya<\/strong>, presentada por la Academia de las Artes y las Ciencias Cinematogr\u00e1ficas de Espa\u00f1a. Desde Casa Gourmet nos hemos inspirado en tres de las nominadas al <strong>Goya a la mejor pel\u00edcula<\/strong>, &#8216;La infiltrada&#8217;, &#8216;El 47&#8217; y &#8216;Casa en flames&#8217;, para crear el <strong>maridaje perfecto<\/strong> con nuestros tintos premium de la <a href=\"https:\/\/www.casagourmet.es\/product\/vinos-de-variedades-emblematicas\/?utm_source=news&amp;utm_medium=blog&amp;utm_campaign=vinosfebrero25\"><strong>selecci\u00f3n de febrero<\/strong><\/a>.<!--more--><\/p>\n<p><img loading=\"lazy\" decoding=\"async\" class=\"alignnone wp-image-2342 size-full\" src=\"http:\/\/www.casagourmet.es\/blog\/wp-content\/uploads\/2025\/02\/SantJosepVins-Garnatxapeluda-con-La-Infiltrada.jpg\" alt=\"\" width=\"600\" height=\"600\" srcset=\"https:\/\/www.casagourmet.es\/blog\/wp-content\/uploads\/2025\/02\/SantJosepVins-Garnatxapeluda-con-La-Infiltrada.jpg 600w, https:\/\/www.casagourmet.es\/blog\/wp-content\/uploads\/2025\/02\/SantJosepVins-Garnatxapeluda-con-La-Infiltrada-300x300.jpg 300w, https:\/\/www.casagourmet.es\/blog\/wp-content\/uploads\/2025\/02\/SantJosepVins-Garnatxapeluda-con-La-Infiltrada-150x150.jpg 150w\" sizes=\"auto, (max-width: 600px) 100vw, 600px\" \/><\/p>\n<h2>&#8216;La infiltrada&#8217;<\/h2>\n<p>Basada en la historia real de Aranzazu Berradre Mar\u00edn, pseud\u00f3nimo con el que se infiltr\u00f3 una agente de la Polic\u00eda Nacional en la banda terrorista ETA. Por su sensibilidad y valentina maridamos esta pel\u00edcula con <strong>Laquarta negre 3r any vinyes velles 2021<\/strong> de Sant Josep Vins, una bodega cooperativa con m\u00e1s de 60 a\u00f1os de historia en la DO Terra Alta. Este vino, presente en la selecci\u00f3n de febrero de Casa Gourmet, est\u00e1 hecho 100% de garnacha peluda, variedad singular y escasa, como la prota del film.<\/p>\n<p><img loading=\"lazy\" decoding=\"async\" class=\"alignnone size-large wp-image-2343\" src=\"http:\/\/www.casagourmet.es\/blog\/wp-content\/uploads\/2025\/02\/Fina-Valpiedra-con-el-47.jpg\" alt=\"\" width=\"600\" height=\"600\" srcset=\"https:\/\/www.casagourmet.es\/blog\/wp-content\/uploads\/2025\/02\/Fina-Valpiedra-con-el-47.jpg 600w, https:\/\/www.casagourmet.es\/blog\/wp-content\/uploads\/2025\/02\/Fina-Valpiedra-con-el-47-300x300.jpg 300w, https:\/\/www.casagourmet.es\/blog\/wp-content\/uploads\/2025\/02\/Fina-Valpiedra-con-el-47-150x150.jpg 150w\" sizes=\"auto, (max-width: 600px) 100vw, 600px\" \/><\/p>\n<h2>&#8216;El 47&#8217;<\/h2>\n<p>Esta emotiva pel\u00edcula sobre Manolo Vital, el conductor de autobuses que emigr\u00f3 de Extremadura y cre\u00f3 el barrio de Torre Bar\u00f3 en Barcelona, la maridamos con <strong>Finca Valpiedra Reserva 2016<\/strong>, un rioja moderno y multipremiado. Su versatilidad gastron\u00f3mica lo convierte en un compa\u00f1ero perfecto, como el prota de esta peli que ayud\u00f3 a crear la Barcelona moderna. Este vino es un reserva excepcional, con identidad propia, y un final largo y delicioso. Como la pel\u00edcula.<\/p>\n<p><img loading=\"lazy\" decoding=\"async\" class=\"alignnone size-full wp-image-2344\" src=\"http:\/\/www.casagourmet.es\/blog\/wp-content\/uploads\/2025\/02\/Las-Hoces-Casa-en-Llamas.jpg\" alt=\"\" width=\"600\" height=\"600\" srcset=\"https:\/\/www.casagourmet.es\/blog\/wp-content\/uploads\/2025\/02\/Las-Hoces-Casa-en-Llamas.jpg 600w, https:\/\/www.casagourmet.es\/blog\/wp-content\/uploads\/2025\/02\/Las-Hoces-Casa-en-Llamas-300x300.jpg 300w, https:\/\/www.casagourmet.es\/blog\/wp-content\/uploads\/2025\/02\/Las-Hoces-Casa-en-Llamas-150x150.jpg 150w\" sizes=\"auto, (max-width: 600px) 100vw, 600px\" \/><\/p>\n<h2>&#8216;Casa en flames&#8217;<\/h2>\n<p>Una pel\u00edcula ambientada durante la \u00e9poca de verano, espec\u00edficamente en la Costa Brava. No es que sea igual, pero la casa de Cadaqu\u00e9s nos recuerda a la Finca Cor V\u00ed, en el paraje natural de Las Hoces del Cabriel (DO Utiel-Requena). Esta bodega ha buscado la uva bobal en los suelos m\u00e1s austeros y profundos de la finca, donde la vid lucha por cada gota de agua, para crear el tinto pr\u00e9mium <strong>Las Hoces 2022<\/strong>. El agua es vital para la uva y para apagar un fuego, \u00bfno cre\u00e9is? Este vino es una fiesta y si has visto \u2018Casa en flames\u2019 te lo tomar\u00edas cenando junto a la familia protagonista.<\/p>\n","protected":false},"excerpt":{"rendered":"<p>Este s\u00e1bado 8 de febrero tendr\u00e1 lugar en el Palacio de Congresos y Exposiciones de Granada, la 39\u00aa ceremonia de los Premios Goya, presentada por la Academia de las Artes y las Ciencias Cinematogr\u00e1ficas de Espa\u00f1a. Desde Casa Gourmet nos hemos inspirado en tres de las nominadas al Goya a la mejor pel\u00edcula, &#8216;La infiltrada&#8217;, &#8216;El 47&#8217; y &#8216;Casa en flames&#8217;, para crear el maridaje perfecto con nuestros tintos premium de la selecci\u00f3n de febrero.<\/p>\n","protected":false},"author":3,"featured_media":2341,"comment_status":"open","ping_status":"open","sticky":false,"template":"","format":"standard","meta":{"footnotes":"","jetpack_publicize_message":"","jetpack_publicize_feature_enabled":true,"jetpack_social_post_already_shared":true,"jetpack_social_options":{"image_generator_settings":{"template":"highway","default_image_id":0,"font":"","enabled":false},"version":2}},"categories":[36,63,80],"tags":[1011,1012,1013,1014,1004,1010,874,1015,1006,1003,579,4],"class_list":["post-2340","post","type-post","status-publish","format-standard","has-post-thumbnail","hentry","category-actualidad","category-bodegas","category-casa-gourmet","tag-1011","tag-39a-ceremonia-de-los-premios-goya","tag-casa-en-flames","tag-el-47","tag-finca-valpiedra-reserva-2016","tag-goya","tag-granada","tag-la-infiltrada","tag-laquarta-negre-3r-any-vinyes-velles-2021","tag-las-hoces-2022","tag-maridaje","tag-vinos"],"jetpack_publicize_connections":[],"_links":{"self":[{"href":"https:\/\/www.casagourmet.es\/blog\/wp-json\/wp\/v2\/posts\/2340","targetHints":{"allow":["GET"]}}],"collection":[{"href":"https:\/\/www.casagourmet.es\/blog\/wp-json\/wp\/v2\/posts"}],"about":[{"href":"https:\/\/www.casagourmet.es\/blog\/wp-json\/wp\/v2\/types\/post"}],"author":[{"embeddable":true,"href":"https:\/\/www.casagourmet.es\/blog\/wp-json\/wp\/v2\/users\/3"}],"replies":[{"embeddable":true,"href":"https:\/\/www.casagourmet.es\/blog\/wp-json\/wp\/v2\/comments?post=2340"}],"version-history":[{"count":3,"href":"https:\/\/www.casagourmet.es\/blog\/wp-json\/wp\/v2\/posts\/2340\/revisions"}],"predecessor-version":[{"id":2347,"href":"https:\/\/www.casagourmet.es\/blog\/wp-json\/wp\/v2\/posts\/2340\/revisions\/2347"}],"wp:featuredmedia":[{"embeddable":true,"href":"https:\/\/www.casagourmet.es\/blog\/wp-json\/wp\/v2\/media\/2341"}],"wp:attachment":[{"href":"https:\/\/www.casagourmet.es\/blog\/wp-json\/wp\/v2\/media?parent=2340"}],"wp:term":[{"taxonomy":"category","embeddable":true,"href":"https:\/\/www.casagourmet.es\/blog\/wp-json\/wp\/v2\/categories?post=2340"},{"taxonomy":"post_tag","embeddable":true,"href":"https:\/\/www.casagourmet.es\/blog\/wp-json\/wp\/v2\/tags?post=2340"}],"curies":[{"name":"wp","href":"https:\/\/api.w.org\/{rel}","templated":true}]}}