{"id":223,"date":"2022-07-21T09:53:11","date_gmt":"2022-07-21T07:53:11","guid":{"rendered":"https:\/\/www.casagourmet.es\/blog\/?p=223"},"modified":"2022-07-21T14:20:06","modified_gmt":"2022-07-21T12:20:06","slug":"bodegas-ysios-escenario-del-festival-esferica-rioja-alavesa","status":"publish","type":"post","link":"https:\/\/www.casagourmet.es\/blog\/bodegas-ysios-escenario-del-festival-esferica-rioja-alavesa\/","title":{"rendered":"Bodegas Ysios escenario del Festival Esf\u00e9rica Rioja Alavesa"},"content":{"rendered":"<p>Del 18 al 21 de agosto se celebrar\u00e1, en el coraz\u00f3n de \u00c1lava, la segunda edici\u00f3n del <a href=\"https:\/\/esfericariojaalavesa.com\/\"><strong>Festival Esf\u00e9rica Rioja Alavesa<\/strong><\/a>. Se trata de un evento novedoso que a\u00fana tradici\u00f3n y vanguardia ofreciendo, por segundo a\u00f1o consecutivo, diferentes actividades culturales, musicales y gastron\u00f3micas. Las <a href=\"https:\/\/www.bodegasysios.com\/\"><strong>Bodegas Ysios<\/strong>,<\/a> una joya arquitect\u00f3nica firmada por Santiago Calatrava, son escenario del festival que acoger\u00e1 tanto de d\u00eda como de noche, 15 conciertos de m\u00fasica en directo de Iv\u00e1n Ferreiro, Tanxugueiras, Ele, Omago o Elena Seti\u00e9n, entre otros.<\/p>\n<p>Los asistentes podr\u00e1n disfrutar de otras actividades paralelas que giran en torno al arte y gastronom\u00eda. Por ejemplo, de las obras de Artium, centro de arte<br \/>\ncontempor\u00e1neo del pa\u00eds vasco, que se exponen en el espacio de la bodega o del espacio gastron\u00f3mico en el que degustar platos creados por la mano de los mejores cocineros.<\/p>\n<p>La bodega habilitar\u00e1 tambi\u00e9n una barra especial para disfrutar con los vinos Ysios, s\u00ed como diferentes catas tem\u00e1ticas (con chocolate, m\u00fasica, etc.) para poder degustar las diferentes referencias que conforman el cat\u00e1logo de la marca.<\/p>\n<h2>Experiencias memorables en la Rioja Alavesa<\/h2>\n<p><strong>Esf\u00e9rica Rioja Alavesa<\/strong> es una experiencia para disfrutar de un territorio m\u00e1gico en el coraz\u00f3n de \u00c1lava. Un encuentro donde se marida la m\u00fasica, la tierra, el arte y la gastronom\u00eda.<\/p>\n<p>Las Bodegas Ysios est\u00e1n situadas en Laguardia (\u00c1lava) y ocupan un edificio dise\u00f1ado por Calatrava y construido de forma que se integra en el paisaje de la sierra de Cantabria.<\/p>\n<p>Fundadas en 2001, combinan el respeto por la tradici\u00f3n con una mentalidad vanguardista, con vinos que expresan la identidad de La Rioja al mismo tiempo que desaf\u00edan convencionalismos.<\/p>\n<p>La filosof\u00eda de Ysios defiende la idea de que las experiencias memorables surgen de las conexiones m\u00e1s intensas y personales, teniendo un profundo v\u00ednculo con el terru\u00f1o, que se refleja en vinos con los que vivir momentos excepcionales.<\/p>\n<p>Son t\u00e9cnicas y medios transmitidos de generaci\u00f3n en generaci\u00f3n las que dan vida a las siete variedades de la familia de su excepcional vino: Ysios Selecci\u00f3n, Ysios Blanco, Ysios Los Prados, Ysios El Nogal, Ysios Grano a Grano, Ysios Finca Las Naves y Club Ysios.<\/p>\n<p><img loading=\"lazy\" decoding=\"async\" class=\"alignnone wp-image-237 size-full\" src=\"http:\/\/www.casagourmet.es\/blog\/wp-content\/uploads\/2022\/07\/bodegas-de-ysios-escenario-del-festival-esferica-rioja-alavesa-2.jpg\" alt=\"\" width=\"1024\" height=\"683\" srcset=\"https:\/\/www.casagourmet.es\/blog\/wp-content\/uploads\/2022\/07\/bodegas-de-ysios-escenario-del-festival-esferica-rioja-alavesa-2.jpg 1024w, https:\/\/www.casagourmet.es\/blog\/wp-content\/uploads\/2022\/07\/bodegas-de-ysios-escenario-del-festival-esferica-rioja-alavesa-2-300x200.jpg 300w, https:\/\/www.casagourmet.es\/blog\/wp-content\/uploads\/2022\/07\/bodegas-de-ysios-escenario-del-festival-esferica-rioja-alavesa-2-768x512.jpg 768w\" sizes=\"auto, (max-width: 1024px) 100vw, 1024px\" \/><\/p>\n","protected":false},"excerpt":{"rendered":"<p>Del 18 al 21 de agosto se celebrar\u00e1, en el coraz\u00f3n de \u00c1lava, la segunda edici\u00f3n del Festival Esf\u00e9rica Rioja Alavesa. Las Bodegas Ysios, una joya arquitect\u00f3nica firmada por Santiago Calatrava, son escenario del festival que acoger\u00e1 tanto de d\u00eda como de noche, 15 conciertos de m\u00fasica en directo.<\/p>\n","protected":false},"author":3,"featured_media":236,"comment_status":"open","ping_status":"open","sticky":false,"template":"","format":"standard","meta":{"footnotes":"","jetpack_publicize_message":"","jetpack_publicize_feature_enabled":true,"jetpack_social_post_already_shared":false,"jetpack_social_options":{"image_generator_settings":{"template":"highway","default_image_id":0,"font":"","enabled":false},"version":2}},"categories":[36,63],"tags":[105,10,101,103,32,102,104,4],"class_list":["post-223","post","type-post","status-publish","format-standard","has-post-thumbnail","hentry","category-actualidad","category-bodegas","tag-alava","tag-bodegas","tag-bodegas-ysios","tag-festival-esferica-rioja-alavesa","tag-la-rioja","tag-rioja-alavesa","tag-santiago-calatrava","tag-vinos"],"jetpack_publicize_connections":[],"_links":{"self":[{"href":"https:\/\/www.casagourmet.es\/blog\/wp-json\/wp\/v2\/posts\/223","targetHints":{"allow":["GET"]}}],"collection":[{"href":"https:\/\/www.casagourmet.es\/blog\/wp-json\/wp\/v2\/posts"}],"about":[{"href":"https:\/\/www.casagourmet.es\/blog\/wp-json\/wp\/v2\/types\/post"}],"author":[{"embeddable":true,"href":"https:\/\/www.casagourmet.es\/blog\/wp-json\/wp\/v2\/users\/3"}],"replies":[{"embeddable":true,"href":"https:\/\/www.casagourmet.es\/blog\/wp-json\/wp\/v2\/comments?post=223"}],"version-history":[{"count":4,"href":"https:\/\/www.casagourmet.es\/blog\/wp-json\/wp\/v2\/posts\/223\/revisions"}],"predecessor-version":[{"id":240,"href":"https:\/\/www.casagourmet.es\/blog\/wp-json\/wp\/v2\/posts\/223\/revisions\/240"}],"wp:featuredmedia":[{"embeddable":true,"href":"https:\/\/www.casagourmet.es\/blog\/wp-json\/wp\/v2\/media\/236"}],"wp:attachment":[{"href":"https:\/\/www.casagourmet.es\/blog\/wp-json\/wp\/v2\/media?parent=223"}],"wp:term":[{"taxonomy":"category","embeddable":true,"href":"https:\/\/www.casagourmet.es\/blog\/wp-json\/wp\/v2\/categories?post=223"},{"taxonomy":"post_tag","embeddable":true,"href":"https:\/\/www.casagourmet.es\/blog\/wp-json\/wp\/v2\/tags?post=223"}],"curies":[{"name":"wp","href":"https:\/\/api.w.org\/{rel}","templated":true}]}}